{"id":3139304,"date":"2026-09-01T01:30:00","date_gmt":"2026-09-01T05:30:00","guid":{"rendered":"https:\/\/www.friendsjournal.org\/relatos-desde-la-cama-de-cuidados-paliativos\/"},"modified":"2026-09-01T01:30:47","modified_gmt":"2026-09-01T05:30:47","slug":"relatos-desde-la-cama-de-cuidados-paliativos","status":"publish","type":"post","link":"https:\/\/www.friendsjournal.org\/es\/relatos-desde-la-cama-de-cuidados-paliativos\/","title":{"rendered":"Relatos desde la cama de cuidados paliativos"},"content":{"rendered":"\n<p class=\"wp-block-paragraph\">Si las camas de cuidados paliativos pudieran hablar<br\/>No escuchar\u00edamos mucho sobre formas de morir<br\/>Sino sobre formas de vivir<br\/>Con alientos de coraje, verdad, cuidado,<br\/>Formas de adorar en cada momento presente,<br\/>De notar los restos rub\u00ed correctos de una vida soplada en vidrio<br\/>Bien gastada. Ser\u00edamos<br\/>Entrenados en c\u00f3mo escuchar al coraz\u00f3n<br\/>No solo con estetoscopios que cuentan<br\/>Sino con cada esp\u00edritu que quiere conocer las<br\/>Inconmensurables placas tect\u00f3nicas de cada vida. <\/p>\n\n<p class=\"wp-block-paragraph\">Contar\u00edan<br\/>Cu\u00e1nto desean que los visitantes<br\/>Est\u00e9n junto a las ventanas para gui\u00f1ar a las alas de esp\u00e1tula que pasan brillando<br\/>Escuchar los \u00e1rboles que cantan himnos<br\/>O oler el aire que busca la luna de una noche m\u00e1s c\u00e1lida.<\/p>\n\n<p class=\"wp-block-paragraph\">Notan cada l\u00e1grima que cae,<br\/>Cada agarre de s\u00e1bana o almohada en el golpe del dolor.<br\/>Desear\u00edan poder calmar los gemidos,<br\/>Silenciar los martillos, llevar suavemente a cada<br\/>Ocupante a los regazos de los \u00e1ngeles.<\/p>\n\n<p class=\"wp-block-paragraph\">Mientras observan,<br\/>Las camas ven sonrisas en los ojos de sus hu\u00e9spedes<br\/>Cuando un rostro preocupado se asoma sobre la barandilla<br\/>Para preguntar qu\u00e9 se necesita.<br\/>Las camas conocen el deseo de que<br\/>Tales rostros se queden un rato<br\/>Incluso cuando es un momento de no hacer nada,<br\/>Excepto sentarse all\u00ed en silencio como antiguos pinos en reposo<br\/>Sin mascarillas ni guantes ni ning\u00fan otro lugar adonde ir.<\/p>\n\n<p class=\"wp-block-paragraph\">A las camas de cuidados paliativos quiz\u00e1 les gustar\u00eda que supi\u00e9ramos<br\/>Que sus hu\u00e9spedes son m\u00e1s que libros viejos<br\/>Empaquetados en desvanes de graneros,<br\/>Esperando ser desempolvados y le\u00eddos de nuevo.<br\/>No son meras cintas de bailarina descuidadamente<br\/>Dejadas atr\u00e1s, ensuciando el Palacio de la Tierra.<br\/>Su camuflaje es siempre involuntario.<\/p>\n\n<p class=\"wp-block-paragraph\">Las camas de cuidados paliativos implorar\u00edan:<br\/>Los hu\u00e9spedes necesitan atesorar tu presencia amorosa pronto<br\/>Antes de que las camas vuelvan a quedarse fr\u00edas y vac\u00edas una vez m\u00e1s.<br\/><\/p>\n","protected":false},"excerpt":{"rendered":"<p>Si las camas de cuidados paliativos pudieran hablar \/ No escuchar\u00edamos mucho sobre formas de morir \/ Sino sobre formas de vivir<\/p>\n","protected":false},"author":5090,"featured_media":3139065,"comment_status":"open","ping_status":"open","sticky":false,"template":"","format":"standard","meta":{"_acf_changed":false,"footnotes":""},"categories":[10336],"tags":[],"fpb_issue_category":[25335],"class_list":["post-3139304","post","type-post","status-publish","format-standard","has-post-thumbnail","hentry","category-poesia","fpb_issue_category-el-pacifismo-y-el-testimonio-de-la-paz-hoy"],"yoast_head":"<!-- This site is optimized with the Yoast SEO plugin v28.3 - https:\/\/yoast.com\/product\/yoast-seo-wordpress\/ -->\n<title>Relatos desde la cama de cuidados paliativos - Friends Journal<\/title>\n<meta name=\"robots\" content=\"index, follow, max-snippet:-1, max-image-preview:large, max-video-preview:-1\" \/>\n<link rel=\"canonical\" href=\"https:\/\/www.friendsjournal.org\/es\/relatos-desde-la-cama-de-cuidados-paliativos\/\" \/>\n<meta property=\"og:locale\" content=\"es_ES\" \/>\n<meta property=\"og:type\" content=\"article\" \/>\n<meta property=\"og:title\" content=\"Relatos desde la cama de cuidados paliativos\" \/>\n<meta property=\"og:description\" content=\"Si las camas de cuidados paliativos pudieran hablar \/ No escuchar\u00edamos mucho sobre formas de morir \/ Sino sobre formas de vivir\" \/>\n<meta property=\"og:url\" content=\"https:\/\/www.friendsjournal.org\/es\/relatos-desde-la-cama-de-cuidados-paliativos\/\" \/>\n<meta property=\"og:site_name\" content=\"Friends Journal\" \/>\n<meta property=\"article:publisher\" content=\"https:\/\/www.facebook.com\/friendsjournal\/\" \/>\n<meta property=\"article:published_time\" content=\"2026-09-01T05:30:00+00:00\" \/>\n<meta property=\"article:modified_time\" content=\"2026-09-01T05:30:47+00:00\" \/>\n<meta property=\"og:image\" content=\"https:\/\/www.friendsjournal.org\/wp-content\/uploads\/2026\/08\/Stockslager_poem_featured.png\" \/>\n\t<meta property=\"og:image:width\" content=\"1400\" \/>\n\t<meta property=\"og:image:height\" content=\"725\" \/>\n\t<meta property=\"og:image:type\" content=\"image\/png\" \/>\n<meta name=\"author\" content=\"Friends Journal\" \/>\n<meta name=\"twitter:card\" content=\"summary_large_image\" \/>\n<meta name=\"twitter:creator\" content=\"@friendsournal\" \/>\n<meta name=\"twitter:site\" content=\"@friendsournal\" \/>\n<meta name=\"twitter:label1\" content=\"Written by\" \/>\n\t<meta name=\"twitter:data1\" content=\"Friends Journal\" \/>\n\t<meta name=\"twitter:label2\" content=\"Est. reading time\" \/>\n\t<meta name=\"twitter:data2\" content=\"2 minuto\" \/>\n<script type=\"application\/ld+json\" class=\"yoast-schema-graph\">{\"@context\":\"https:\\\/\\\/schema.org\",\"@graph\":[{\"@type\":\"Article\",\"@id\":\"https:\\\/\\\/www.friendsjournal.org\\\/es\\\/relatos-desde-la-cama-de-cuidados-paliativos\\\/#article\",\"isPartOf\":{\"@id\":\"https:\\\/\\\/www.friendsjournal.org\\\/es\\\/relatos-desde-la-cama-de-cuidados-paliativos\\\/\"},\"author\":{\"name\":\"Friends Journal\",\"@id\":\"https:\\\/\\\/www.friendsjournal.org\\\/es\\\/#\\\/schema\\\/person\\\/315ffb22a36ecbabdf5dbdc09d7d1eb7\"},\"headline\":\"Relatos desde la cama de cuidados paliativos\",\"datePublished\":\"2026-09-01T05:30:00+00:00\",\"dateModified\":\"2026-09-01T05:30:47+00:00\",\"mainEntityOfPage\":{\"@id\":\"https:\\\/\\\/www.friendsjournal.org\\\/es\\\/relatos-desde-la-cama-de-cuidados-paliativos\\\/\"},\"wordCount\":310,\"commentCount\":0,\"publisher\":{\"@id\":\"https:\\\/\\\/www.friendsjournal.org\\\/es\\\/#organization\"},\"image\":{\"@id\":\"https:\\\/\\\/www.friendsjournal.org\\\/es\\\/relatos-desde-la-cama-de-cuidados-paliativos\\\/#primaryimage\"},\"thumbnailUrl\":\"https:\\\/\\\/www.friendsjournal.org\\\/wp-content\\\/uploads\\\/2026\\\/08\\\/Stockslager_poem_featured.png\",\"articleSection\":[\"Poes\u00eda\"],\"inLanguage\":\"es\",\"potentialAction\":[{\"@type\":\"CommentAction\",\"name\":\"Comment\",\"target\":[\"https:\\\/\\\/www.friendsjournal.org\\\/es\\\/relatos-desde-la-cama-de-cuidados-paliativos\\\/#respond\"]}]},{\"@type\":\"WebPage\",\"@id\":\"https:\\\/\\\/www.friendsjournal.org\\\/es\\\/relatos-desde-la-cama-de-cuidados-paliativos\\\/\",\"url\":\"https:\\\/\\\/www.friendsjournal.org\\\/es\\\/relatos-desde-la-cama-de-cuidados-paliativos\\\/\",\"name\":\"Relatos desde la cama de cuidados paliativos - Friends Journal\",\"isPartOf\":{\"@id\":\"https:\\\/\\\/www.friendsjournal.org\\\/es\\\/#website\"},\"primaryImageOfPage\":{\"@id\":\"https:\\\/\\\/www.friendsjournal.org\\\/es\\\/relatos-desde-la-cama-de-cuidados-paliativos\\\/#primaryimage\"},\"image\":{\"@id\":\"https:\\\/\\\/www.friendsjournal.org\\\/es\\\/relatos-desde-la-cama-de-cuidados-paliativos\\\/#primaryimage\"},\"thumbnailUrl\":\"https:\\\/\\\/www.friendsjournal.org\\\/wp-content\\\/uploads\\\/2026\\\/08\\\/Stockslager_poem_featured.png\",\"datePublished\":\"2026-09-01T05:30:00+00:00\",\"dateModified\":\"2026-09-01T05:30:47+00:00\",\"breadcrumb\":{\"@id\":\"https:\\\/\\\/www.friendsjournal.org\\\/es\\\/relatos-desde-la-cama-de-cuidados-paliativos\\\/#breadcrumb\"},\"inLanguage\":\"es\",\"potentialAction\":[{\"@type\":\"ReadAction\",\"target\":[\"https:\\\/\\\/www.friendsjournal.org\\\/es\\\/relatos-desde-la-cama-de-cuidados-paliativos\\\/\"]}]},{\"@type\":\"ImageObject\",\"inLanguage\":\"es\",\"@id\":\"https:\\\/\\\/www.friendsjournal.org\\\/es\\\/relatos-desde-la-cama-de-cuidados-paliativos\\\/#primaryimage\",\"url\":\"https:\\\/\\\/www.friendsjournal.org\\\/wp-content\\\/uploads\\\/2026\\\/08\\\/Stockslager_poem_featured.png\",\"contentUrl\":\"https:\\\/\\\/www.friendsjournal.org\\\/wp-content\\\/uploads\\\/2026\\\/08\\\/Stockslager_poem_featured.png\",\"width\":1400,\"height\":725,\"caption\":\"Foto de Bret Kavanaugh en Unsplash\"},{\"@type\":\"BreadcrumbList\",\"@id\":\"https:\\\/\\\/www.friendsjournal.org\\\/es\\\/relatos-desde-la-cama-de-cuidados-paliativos\\\/#breadcrumb\",\"itemListElement\":[{\"@type\":\"ListItem\",\"position\":1,\"name\":\"Home\",\"item\":\"https:\\\/\\\/www.friendsjournal.org\\\/es\\\/inicio\\\/\"},{\"@type\":\"ListItem\",\"position\":2,\"name\":\"Relatos desde la cama de cuidados paliativos\"}]},{\"@type\":\"WebSite\",\"@id\":\"https:\\\/\\\/www.friendsjournal.org\\\/es\\\/#website\",\"url\":\"https:\\\/\\\/www.friendsjournal.org\\\/es\\\/\",\"name\":\"Friends Journal\",\"description\":\"Comunicar la experiencia cu\u00e1quera para conectar y profundizar en la vida espiritual\",\"publisher\":{\"@id\":\"https:\\\/\\\/www.friendsjournal.org\\\/es\\\/#organization\"},\"potentialAction\":[{\"@type\":\"SearchAction\",\"target\":{\"@type\":\"EntryPoint\",\"urlTemplate\":\"https:\\\/\\\/www.friendsjournal.org\\\/es\\\/?s={search_term_string}\"},\"query-input\":{\"@type\":\"PropertyValueSpecification\",\"valueRequired\":true,\"valueName\":\"search_term_string\"}}],\"inLanguage\":\"es\"},{\"@type\":\"Organization\",\"@id\":\"https:\\\/\\\/www.friendsjournal.org\\\/es\\\/#organization\",\"name\":\"Friends Journal\",\"url\":\"https:\\\/\\\/www.friendsjournal.org\\\/es\\\/\",\"logo\":{\"@type\":\"ImageObject\",\"inLanguage\":\"es\",\"@id\":\"https:\\\/\\\/www.friendsjournal.org\\\/es\\\/#\\\/schema\\\/logo\\\/image\\\/\",\"url\":\"https:\\\/\\\/www.friendsjournal.org\\\/wp-content\\\/uploads\\\/2025\\\/08\\\/fj-logo-white.png\",\"contentUrl\":\"https:\\\/\\\/www.friendsjournal.org\\\/wp-content\\\/uploads\\\/2025\\\/08\\\/fj-logo-white.png\",\"width\":617,\"height\":74,\"caption\":\"Friends Journal\"},\"image\":{\"@id\":\"https:\\\/\\\/www.friendsjournal.org\\\/es\\\/#\\\/schema\\\/logo\\\/image\\\/\"},\"sameAs\":[\"https:\\\/\\\/www.facebook.com\\\/friendsjournal\\\/\",\"https:\\\/\\\/x.com\\\/friendsournal\",\"https:\\\/\\\/instagram.com\\\/friendsjournal\",\"https:\\\/\\\/www.linkedin.com\\\/company\\\/3154709\",\"https:\\\/\\\/www.youtube.com\\\/user\\\/friendsjournal\"]},{\"@type\":\"Person\",\"@id\":\"https:\\\/\\\/www.friendsjournal.org\\\/es\\\/#\\\/schema\\\/person\\\/315ffb22a36ecbabdf5dbdc09d7d1eb7\",\"name\":\"Friends Journal\",\"image\":{\"@type\":\"ImageObject\",\"inLanguage\":\"es\",\"@id\":\"https:\\\/\\\/secure.gravatar.com\\\/avatar\\\/d068a76f0e4cdb5e89a047c27adb947f34ce284fc0a7d0bf77b0eb450771ae46?s=96&d=mm&r=g\",\"url\":\"https:\\\/\\\/secure.gravatar.com\\\/avatar\\\/d068a76f0e4cdb5e89a047c27adb947f34ce284fc0a7d0bf77b0eb450771ae46?s=96&d=mm&r=g\",\"contentUrl\":\"https:\\\/\\\/secure.gravatar.com\\\/avatar\\\/d068a76f0e4cdb5e89a047c27adb947f34ce284fc0a7d0bf77b0eb450771ae46?s=96&d=mm&r=g\",\"caption\":\"Friends Journal\"},\"url\":\"https:\\\/\\\/www.friendsjournal.org\\\/es\\\/author\\\/alla-podolsky\\\/\"}]}<\/script>\n<!-- \/ Yoast SEO plugin. -->","yoast_head_json":{"title":"Relatos desde la cama de cuidados paliativos - Friends Journal","robots":{"index":"index","follow":"follow","max-snippet":"max-snippet:-1","max-image-preview":"max-image-preview:large","max-video-preview":"max-video-preview:-1"},"canonical":"https:\/\/www.friendsjournal.org\/es\/relatos-desde-la-cama-de-cuidados-paliativos\/","og_locale":"es_ES","og_type":"article","og_title":"Relatos desde la cama de cuidados paliativos","og_description":"Si las camas de cuidados paliativos pudieran hablar \/ No escuchar\u00edamos mucho sobre formas de morir \/ Sino sobre formas de vivir","og_url":"https:\/\/www.friendsjournal.org\/es\/relatos-desde-la-cama-de-cuidados-paliativos\/","og_site_name":"Friends Journal","article_publisher":"https:\/\/www.facebook.com\/friendsjournal\/","article_published_time":"2026-09-01T05:30:00+00:00","article_modified_time":"2026-09-01T05:30:47+00:00","og_image":[{"width":1400,"height":725,"url":"https:\/\/www.friendsjournal.org\/wp-content\/uploads\/2026\/08\/Stockslager_poem_featured.png","type":"image\/png"}],"author":"Friends Journal","twitter_card":"summary_large_image","twitter_creator":"@friendsournal","twitter_site":"@friendsournal","twitter_misc":{"Written by":"Friends Journal","Est. reading time":"2 minuto"},"schema":{"@context":"https:\/\/schema.org","@graph":[{"@type":"Article","@id":"https:\/\/www.friendsjournal.org\/es\/relatos-desde-la-cama-de-cuidados-paliativos\/#article","isPartOf":{"@id":"https:\/\/www.friendsjournal.org\/es\/relatos-desde-la-cama-de-cuidados-paliativos\/"},"author":{"name":"Friends Journal","@id":"https:\/\/www.friendsjournal.org\/es\/#\/schema\/person\/315ffb22a36ecbabdf5dbdc09d7d1eb7"},"headline":"Relatos desde la cama de cuidados paliativos","datePublished":"2026-09-01T05:30:00+00:00","dateModified":"2026-09-01T05:30:47+00:00","mainEntityOfPage":{"@id":"https:\/\/www.friendsjournal.org\/es\/relatos-desde-la-cama-de-cuidados-paliativos\/"},"wordCount":310,"commentCount":0,"publisher":{"@id":"https:\/\/www.friendsjournal.org\/es\/#organization"},"image":{"@id":"https:\/\/www.friendsjournal.org\/es\/relatos-desde-la-cama-de-cuidados-paliativos\/#primaryimage"},"thumbnailUrl":"https:\/\/www.friendsjournal.org\/wp-content\/uploads\/2026\/08\/Stockslager_poem_featured.png","articleSection":["Poes\u00eda"],"inLanguage":"es","potentialAction":[{"@type":"CommentAction","name":"Comment","target":["https:\/\/www.friendsjournal.org\/es\/relatos-desde-la-cama-de-cuidados-paliativos\/#respond"]}]},{"@type":"WebPage","@id":"https:\/\/www.friendsjournal.org\/es\/relatos-desde-la-cama-de-cuidados-paliativos\/","url":"https:\/\/www.friendsjournal.org\/es\/relatos-desde-la-cama-de-cuidados-paliativos\/","name":"Relatos desde la cama de cuidados paliativos - Friends Journal","isPartOf":{"@id":"https:\/\/www.friendsjournal.org\/es\/#website"},"primaryImageOfPage":{"@id":"https:\/\/www.friendsjournal.org\/es\/relatos-desde-la-cama-de-cuidados-paliativos\/#primaryimage"},"image":{"@id":"https:\/\/www.friendsjournal.org\/es\/relatos-desde-la-cama-de-cuidados-paliativos\/#primaryimage"},"thumbnailUrl":"https:\/\/www.friendsjournal.org\/wp-content\/uploads\/2026\/08\/Stockslager_poem_featured.png","datePublished":"2026-09-01T05:30:00+00:00","dateModified":"2026-09-01T05:30:47+00:00","breadcrumb":{"@id":"https:\/\/www.friendsjournal.org\/es\/relatos-desde-la-cama-de-cuidados-paliativos\/#breadcrumb"},"inLanguage":"es","potentialAction":[{"@type":"ReadAction","target":["https:\/\/www.friendsjournal.org\/es\/relatos-desde-la-cama-de-cuidados-paliativos\/"]}]},{"@type":"ImageObject","inLanguage":"es","@id":"https:\/\/www.friendsjournal.org\/es\/relatos-desde-la-cama-de-cuidados-paliativos\/#primaryimage","url":"https:\/\/www.friendsjournal.org\/wp-content\/uploads\/2026\/08\/Stockslager_poem_featured.png","contentUrl":"https:\/\/www.friendsjournal.org\/wp-content\/uploads\/2026\/08\/Stockslager_poem_featured.png","width":1400,"height":725,"caption":"Foto de Bret Kavanaugh en Unsplash"},{"@type":"BreadcrumbList","@id":"https:\/\/www.friendsjournal.org\/es\/relatos-desde-la-cama-de-cuidados-paliativos\/#breadcrumb","itemListElement":[{"@type":"ListItem","position":1,"name":"Home","item":"https:\/\/www.friendsjournal.org\/es\/inicio\/"},{"@type":"ListItem","position":2,"name":"Relatos desde la cama de cuidados paliativos"}]},{"@type":"WebSite","@id":"https:\/\/www.friendsjournal.org\/es\/#website","url":"https:\/\/www.friendsjournal.org\/es\/","name":"Friends Journal","description":"Comunicar la experiencia cu\u00e1quera para conectar y profundizar en la vida espiritual","publisher":{"@id":"https:\/\/www.friendsjournal.org\/es\/#organization"},"potentialAction":[{"@type":"SearchAction","target":{"@type":"EntryPoint","urlTemplate":"https:\/\/www.friendsjournal.org\/es\/?s={search_term_string}"},"query-input":{"@type":"PropertyValueSpecification","valueRequired":true,"valueName":"search_term_string"}}],"inLanguage":"es"},{"@type":"Organization","@id":"https:\/\/www.friendsjournal.org\/es\/#organization","name":"Friends Journal","url":"https:\/\/www.friendsjournal.org\/es\/","logo":{"@type":"ImageObject","inLanguage":"es","@id":"https:\/\/www.friendsjournal.org\/es\/#\/schema\/logo\/image\/","url":"https:\/\/www.friendsjournal.org\/wp-content\/uploads\/2025\/08\/fj-logo-white.png","contentUrl":"https:\/\/www.friendsjournal.org\/wp-content\/uploads\/2025\/08\/fj-logo-white.png","width":617,"height":74,"caption":"Friends Journal"},"image":{"@id":"https:\/\/www.friendsjournal.org\/es\/#\/schema\/logo\/image\/"},"sameAs":["https:\/\/www.facebook.com\/friendsjournal\/","https:\/\/x.com\/friendsournal","https:\/\/instagram.com\/friendsjournal","https:\/\/www.linkedin.com\/company\/3154709","https:\/\/www.youtube.com\/user\/friendsjournal"]},{"@type":"Person","@id":"https:\/\/www.friendsjournal.org\/es\/#\/schema\/person\/315ffb22a36ecbabdf5dbdc09d7d1eb7","name":"Friends Journal","image":{"@type":"ImageObject","inLanguage":"es","@id":"https:\/\/secure.gravatar.com\/avatar\/d068a76f0e4cdb5e89a047c27adb947f34ce284fc0a7d0bf77b0eb450771ae46?s=96&d=mm&r=g","url":"https:\/\/secure.gravatar.com\/avatar\/d068a76f0e4cdb5e89a047c27adb947f34ce284fc0a7d0bf77b0eb450771ae46?s=96&d=mm&r=g","contentUrl":"https:\/\/secure.gravatar.com\/avatar\/d068a76f0e4cdb5e89a047c27adb947f34ce284fc0a7d0bf77b0eb450771ae46?s=96&d=mm&r=g","caption":"Friends Journal"},"url":"https:\/\/www.friendsjournal.org\/es\/author\/alla-podolsky\/"}]}},"distributor_meta":false,"distributor_terms":false,"distributor_media":false,"distributor_original_site_name":"Friends Journal","distributor_original_site_url":"https:\/\/www.friendsjournal.org\/es\/","push-errors":false,"acf":{"author_name":"Bonnie Stockslager","bio":"<p>Bonnie Stockslager se uni\u00f3 a los cu\u00e1queros en 1980 y ahora adora con el Grupo de Adoraci\u00f3n Fauquier Friends como miembro de la Junta de Herndon (Virginia). Fue consejera profesional durante 24 a\u00f1os, tambi\u00e9n como voluntaria con pacientes de cuidados paliativos, sus familias y enfermeras. Cree que ellos enriquecieron su vida m\u00e1s de lo que ella enriqueci\u00f3 las suyas.  <\/p>\n"},"_links":{"self":[{"href":"https:\/\/www.friendsjournal.org\/es\/wp-json\/wp\/v2\/posts\/3139304","targetHints":{"allow":["GET"]}}],"collection":[{"href":"https:\/\/www.friendsjournal.org\/es\/wp-json\/wp\/v2\/posts"}],"about":[{"href":"https:\/\/www.friendsjournal.org\/es\/wp-json\/wp\/v2\/types\/post"}],"author":[{"embeddable":true,"href":"https:\/\/www.friendsjournal.org\/es\/wp-json\/wp\/v2\/users\/5090"}],"replies":[{"embeddable":true,"href":"https:\/\/www.friendsjournal.org\/es\/wp-json\/wp\/v2\/comments?post=3139304"}],"version-history":[{"count":1,"href":"https:\/\/www.friendsjournal.org\/es\/wp-json\/wp\/v2\/posts\/3139304\/revisions"}],"predecessor-version":[{"id":3139305,"href":"https:\/\/www.friendsjournal.org\/es\/wp-json\/wp\/v2\/posts\/3139304\/revisions\/3139305"}],"wp:featuredmedia":[{"embeddable":true,"href":"https:\/\/www.friendsjournal.org\/es\/wp-json\/wp\/v2\/media\/3139065"}],"wp:attachment":[{"href":"https:\/\/www.friendsjournal.org\/es\/wp-json\/wp\/v2\/media?parent=3139304"}],"wp:term":[{"taxonomy":"category","embeddable":true,"href":"https:\/\/www.friendsjournal.org\/es\/wp-json\/wp\/v2\/categories?post=3139304"},{"taxonomy":"post_tag","embeddable":true,"href":"https:\/\/www.friendsjournal.org\/es\/wp-json\/wp\/v2\/tags?post=3139304"},{"taxonomy":"fpb_issue_category","embeddable":true,"href":"https:\/\/www.friendsjournal.org\/es\/wp-json\/wp\/v2\/fpb_issue_category?post=3139304"}],"curies":[{"name":"wp","href":"https:\/\/api.w.org\/{rel}","templated":true}]}}