{"id":3139330,"date":"2026-09-01T02:30:00","date_gmt":"2026-09-01T06:30:00","guid":{"rendered":"https:\/\/www.friendsjournal.org\/debemos-cantar-nuestros-lamentos-juntos\/"},"modified":"2026-09-01T15:24:02","modified_gmt":"2026-09-01T19:24:02","slug":"debemos-cantar-nuestros-lamentos-juntos","status":"publish","type":"post","link":"https:\/\/www.friendsjournal.org\/es\/debemos-cantar-nuestros-lamentos-juntos\/","title":{"rendered":"Debemos cantar nuestros lamentos juntos"},"content":{"rendered":"\n<h4 class=\"wp-block-heading has-pure-white-color has-vivid-red-background-color has-text-color has-background has-link-color wp-elements-1\">Sobre la objeci\u00f3n de conciencia a un mundo de violencia<\/h4>\n\n<blockquote class=\"wp-block-quote is-layout-flow wp-block-quote-is-layout-flow\">\n<p class=\"wp-block-paragraph\">Vivimos en este mundo, pero no actuamos como su gente ni luchamos nuestras batallas con las armas de este mundo. En su lugar, usamos el poder de Dios que puede destruir fortalezas. (2 Corintios 10:3\u20134, Contemporary English Version [CEV])  <\/p>\n<\/blockquote>\n\n<p class=\"has-drop-cap wp-block-paragraph\">Estar a la espera durante a\u00f1os, en una espera expectante a que la Luz Interior volviera a hablar claramente sobre la objeci\u00f3n de conciencia a la guerra, hab\u00eda sido una actividad frustrante. Conoc\u00eda mis creencias, pero no sab\u00eda c\u00f3mo expresarlas con impacto. El mundo habla a gritos sobre la inevitabilidad y la utilidad de la guerra y la violencia, sobre qui\u00e9n es digno de vivir (y qui\u00e9n no), y entonces, se act\u00faa y se derrama sangre. El silencio de nuestra comunidad de Los Amigos habla con la misma claridad. El mundo sigue hablando a gritos, pero hoy tambi\u00e9n lo hace la Luz Interior, y arde.    <\/p>\n\n<p class=\"wp-block-paragraph\">La claridad m\u00edstica antib\u00e9lica de mis veintitantos a\u00f1os se enfoc\u00f3 durante una experiencia en tercera persona al salir de un campo de tiro \u2014la precisi\u00f3n mejoraba (la letalidad aumentaba)\u2014; una voz circundante pregunt\u00f3: \u00ab\u00bfQu\u00e9 haces aqu\u00ed?\u00bb. La voz ha sido casi inexistente en los a\u00f1os transcurridos desde entonces. Igualmente rara fue la abrumadora sensaci\u00f3n de confusi\u00f3n, seguida de una g\u00e9lida claridad, que me asalt\u00f3 en la Escuela Ranger del Ej\u00e9rcito de los EE. UU. Mientras miraba fijamente las palabras \u00abFrente hacia el enemigo\u00bb en una mina Claymore de entrenamiento, o\u00ed a esa voz hacer una pregunta sencilla: \u00ab\u00bfQui\u00e9n es el enemigo?\u00bb. Sab\u00eda que Jes\u00fas ya hab\u00eda respondido a esa pregunta, as\u00ed que \u00bfqui\u00e9n me estaba guiando?    <\/p>\n\n<p class=\"wp-block-paragraph\">Poco despu\u00e9s de esta experiencia y de una dura conversaci\u00f3n con un compa\u00f1ero que luch\u00f3 en Irak (muri\u00f3 como infante alistado, pero no preguntes y no digas), desempaqu\u00e9 mi mochila, saqu\u00e9 esa misma mina, me puse delante de mi escuadra (que me hab\u00eda seleccionado para iniciar nuestra primera misi\u00f3n en Camp Darby) y les hice saber: \u00abNo creo en lo que estoy haciendo aqu\u00ed. Buena suerte\u00bb. Fueron palabras sencillas que dieron a conocer mis intenciones pero que carec\u00edan de claridad. <\/p>\n\n<blockquote class=\"wp-block-quote is-layout-flow wp-block-quote-is-layout-flow\">\n<p class=\"wp-block-paragraph\">Hab\u00e9is o\u00eddo que se dijo: \u00abAmar\u00e1s a tu pr\u00f3jimo y odiar\u00e1s a tu enemigo\u00bb. Pero yo os digo: amad a vuestros enemigos, bendecid a los que os maldicen, haced bien a los que os odian, y orad por los que os ultrajan y os persiguen. (Mateo 5:43\u201344, New King James Version [NKJV]).  <\/p>\n<\/blockquote>\n\n<p class=\"wp-block-paragraph\">Una confesi\u00f3n de que carec\u00eda de la capacidad de matar, l\u00e1grimas de alivio, un lugar para dormir bajo un cobertizo, duras patadas en mi saco de dormir mientras mi conciencia y yo descans\u00e1bamos, gritos, un debate sobre la guerra en Irak y Afganist\u00e1n que me dej\u00f3 acorralado contra una pared con salivazos y dedos volando, un viaje en coche al medio del bosque para \u00abrecoger basura\u00bb donde no hab\u00eda ninguna, dormir junto a un compa\u00f1ero de litera que me dijo que se hab\u00eda alistado para matar. Las secuelas completas son un borr\u00f3n protector. Hubo una llamada telef\u00f3nica: \u00abHas arruinado tu vida\u00bb, y otra llamada telef\u00f3nica: \u00abTe quiero. Vamos a solucionar esto\u00bb. Ambas dichas en la Verdad, por amor (y miedo). Mi vida no estaba arruinada, pero a\u00fan no lo he solucionado. La b\u00fasqueda no tiene fin.     <\/p>\n\n<p class=\"wp-block-paragraph\">Antes solo hab\u00eda escrito la versi\u00f3n mayoritariamente positiva de esta historia. Eleg\u00ed sentir el apoyo y el respeto de muchos soldados \u00abantib\u00e9licos\u00bb que se entrenaban (y entrenaban a otros) para matar, \u00bfas\u00ed que por qu\u00e9 centrarse en lo negativo? Eran amigos, algunos de ellos buenos amigos. Los desaf\u00edos no se acercaban ni remotamente a las cargas que hieren el alma que tantos soldados, veteranos, sus familias e incluso un n\u00famero mucho mayor de civiles de todas las culturas soportan hoy debido a nuestro enamoramiento colectivo con la guerra. Mi tiempo en el ej\u00e9rcito fue afortunadamente corto, y aunque fui licenciado como objetor de conciencia, me fui sin sentirme ni un veterano ni una persona de paz; ambos grupos me lo recuerdan hoy, intencionadamente o no. Es un peque\u00f1o peso que cargo. No estoy lo suficientemente enfadado, ni soy lo suficientemente pac\u00edfico, ni estoy lo suficientemente consciente, ni soy lo suficientemente cuidadoso.      <\/p>\n\n<p class=\"wp-block-paragraph\">El tiempo pas\u00f3, y mi familia y mi papel como profesor de escuela p\u00fablica se convirtieron en mi identidad. Ten\u00eda un prop\u00f3sito pac\u00edfico y pod\u00eda trabajar en la Luz cada d\u00eda con mis alumnos, las familias, la comunidad escolar y en el campo m\u00e1s amplio de la educaci\u00f3n. Esta vez no habr\u00eda que desempaquetar la mochila y sigo ense\u00f1ando despu\u00e9s de muchos a\u00f1os.   <\/p>\n\n<p class=\"has-text-align-center has-pure-white-color has-vivid-red-background-color has-text-color has-background has-link-color wp-elements-2 wp-block-paragraph\"><strong>\u00bfEs esta la claridad que buscabas? \u00bfSigues distra\u00eddo por lo que ocurre en nuestro mundo? \u00bfSigue siendo la pregunta m\u00e1s importante: cu\u00e1ndo son aceptables la muerte, la violencia, la guerra y la sangre? \u00bfCu\u00e1ndo sancionar\u00e1 la Luz el odio? La violencia es un c\u00edrculo vicioso; \u00bfd\u00f3nde estaremos en diez a\u00f1os, por no hablar de un siglo?    <\/strong><\/p>\n\n<h5 class=\"wp-block-heading has-vivid-red-color has-text-color has-link-color wp-elements-3\"><strong>  La violencia acecha<\/strong><\/h5>\n\n<p class=\"has-drop-cap wp-block-paragraph\">Cerca de la medianoche, Pablo y Silas estaban orando y cantando alabanzas a Dios, mientras los otros prisioneros escuchaban. De repente, un fuerte terremoto sacudi\u00f3 la c\u00e1rcel hasta sus cimientos. Las puertas se abrieron y las cadenas se cayeron de todos los prisioneros. (Hechos 16:25\u201326 [CEV]).   <\/p>\n\n<p class=\"wp-block-paragraph\">Me siento convencido de que he tenido otras experiencias m\u00edsticas m\u00e1s all\u00e1 de aquellos momentos en el ej\u00e9rcito. Recuerdo v\u00edvidamente ver a mi esposa y compa\u00f1era de vida dar a luz a nuestros tres hijos y sentir ese tipo de alegr\u00eda indescriptible que alcanza el nivel de escuchar lo Divino. Con el nacimiento de nuestro hijo mediano, sus contracciones se detuvieron durante cuatro d\u00edas cuando el levantamiento de Baltimore de 2015 alcanz\u00f3 su punto m\u00e1ximo. \u00c9l no estaba preparado para la violencia de este mundo y, sin embargo, apareci\u00f3. Emergi\u00f3 enmantillado, buscando a\u00fan protecci\u00f3n. Poco sab\u00eda \u00e9l que tuve que llamar a los m\u00e9dicos por el pasillo, que estaban distra\u00eddos por lo que pasaba fuera en la ciudad. Lo sacamos del hospital a un mundo de violencia: los Humvees flanqueaban la entrada; los guardias sosten\u00edan armas m\u00e1s grandes de lo habitual, al menos para nuestro pa\u00eds; y el olor de un Baltimore Este quemado persist\u00eda en el aire. Es el m\u00e1s amable de nuestros hijos.       <\/p>\n\n<h5 class=\"wp-block-heading has-vivid-red-color has-text-color has-link-color wp-elements-4\"><strong>La violencia al acecho<\/strong><\/h5>\n\n<p class=\"has-drop-cap wp-block-paragraph\">Me cuesta recordar otras experiencias m\u00edsticas con claridad m\u00e1s all\u00e1 del nacimiento de mis hijos. Pero hay otra experiencia que recuerdo que est\u00e1 fuera de la vida o la muerte y es m\u00edsticamente clara. Vino con una canci\u00f3n sin palabras que recientemente volvi\u00f3 a visitar mi vida como un terremoto.  <\/p>\n\n<p class=\"wp-block-paragraph\">Despu\u00e9s de otro d\u00eda dif\u00edcil de ense\u00f1anza y liderazgo en una escuela del este de Baltimore (una parte de la ciudad olvidada y abandonada, donde empec\u00e9 mi carrera docente en serio y me qued\u00e9 durante ocho duros a\u00f1os), me tumb\u00e9 en el suelo del dormitorio de mis hijos con la habitaci\u00f3n dando vueltas y el coraz\u00f3n acelerado. Nunca se me escap\u00f3 que, si eras un hombre negro en este barrio, ten\u00edas estad\u00edsticamente m\u00e1s probabilidades de morir en tus propias calles que en las calles de Irak en el punto \u00e1lgido de aquella guerra. Los efectos de ese hecho se sent\u00edan y se ve\u00edan, y los estudiantes no dejaban que lo olvidaras. Nunca pod\u00edas olvidarlo: la escuela vibraba con este sufrimiento y dolor.   <\/p>\n\n<p class=\"wp-block-paragraph\">Las peleas, los cuchillos, las pistolas, los palos de golf, los gritos, las violaciones, los intoxicantes calmantes y destructivos, las madres a las que les importaba un bledo llevando a su hijo al ba\u00f1o para hacer sentir sus expectativas, los pasos apresurados de una persecuci\u00f3n, los cierres de emergencia, ser arrastrado a una oficina trasera lejos de una amenaza de asesinato, los helic\u00f3pteros girando arriba, el tap\u00f3n de un rotulador clavado en la cabeza de un ni\u00f1o: sangre&#8230; \u00a1c\u00f3mo c\u2014 ocurre eso siquiera!<\/p>\n\n<figure class=\"wp-block-image aligncenter size-large is-resized\"><a href=\"https:\/\/www.friendsjournal.org\/wp-content\/uploads\/2026\/08\/Gorby_1.jpg\" target=\"_blank\" rel=\" noopener\"><img loading=\"lazy\" decoding=\"async\" width=\"1024\" height=\"608\" src=\"https:\/\/www.friendsjournal.org\/wp-content\/uploads\/2026\/08\/Gorby_1-1024x608.jpg\" alt=\"\" class=\"wp-image-3138977\" style=\"width:600px;height:auto\" srcset=\"https:\/\/www.friendsjournal.org\/wp-content\/uploads\/2026\/08\/Gorby_1-1024x608.jpg 1024w, https:\/\/www.friendsjournal.org\/wp-content\/uploads\/2026\/08\/Gorby_1-300x178.jpg 300w, https:\/\/www.friendsjournal.org\/wp-content\/uploads\/2026\/08\/Gorby_1-768x456.jpg 768w, https:\/\/www.friendsjournal.org\/wp-content\/uploads\/2026\/08\/Gorby_1-600x357.jpg 600w, https:\/\/www.friendsjournal.org\/wp-content\/uploads\/2026\/08\/Gorby_1.jpg 1200w\" sizes=\"auto, (max-width: 1024px) 100vw, 1024px\" \/><\/a><figcaption class=\"wp-element-caption\">Foto de Lisa Van Vliet en Unsplash<\/figcaption><\/figure>\n\n<h5 class=\"wp-block-heading has-vivid-red-color has-text-color has-link-color wp-elements-5\"><strong>La violencia controla<\/strong><\/h5>\n\n<p class=\"has-drop-cap wp-block-paragraph\">Esa misma escuela estaba en la \u00ablista de peligrosidad persistente\u00bb del estado de Maryland una d\u00e9cada despu\u00e9s de que me fuera: la violencia es un c\u00edrculo vicioso. Los nombres de antiguos alumnos asesinados en las calles de mi ciudad no tienen grandes monumentos ni mitos que rindan homenaje a su sacrificio. Eran chicos simp\u00e1ticos y revoltosos. Antes solo hab\u00eda contado la versi\u00f3n mayoritariamente positiva de esta historia.   <\/p>\n\n<p class=\"wp-block-paragraph\">\u00bfC\u00f3mo ocurre algo de esto?<\/p>\n\n<p class=\"wp-block-paragraph\">Con la habitaci\u00f3n dando vueltas y el coraz\u00f3n acelerado, o\u00ed que esa voz m\u00edstica regresaba con la orden de ser un mejor padre. Las exigencias emocionales del trabajo dejaban muy poco de m\u00ed para mis dos (now tres) chicos simp\u00e1ticos y revoltosos. De fondo sonaba \u00abOn the Nature of Daylight\u00bb, una pieza inolvidable y emocionalmente implacable durante los momentos dif\u00edciles; es de <a href=\"https:\/\/www.thebluenotebooks.com\/\"><em>The Blue Notebooks<\/em> de Max Richter<\/a>, un \u00e1lbum cl\u00e1sico introspectivo que suele sonar repetidamente en nuestra casa y que ayud\u00f3 a traer alivio tras d\u00edas agotadores en el este de Baltimore. Esa m\u00fasica suena ahora mientras escribo. Hace unas horas, habl\u00f3 con una fuerza expl\u00edcita que lleg\u00f3 a mi alma. Nunca la hab\u00eda o\u00eddo tan fuerte.     <\/p>\n\n<figure class=\"wp-block-image aligncenter size-large is-resized\"><a href=\"https:\/\/www.friendsjournal.org\/wp-content\/uploads\/2026\/08\/Gorby_2.jpg\" target=\"_blank\" rel=\" noopener\"><img loading=\"lazy\" decoding=\"async\" width=\"1024\" height=\"768\" src=\"https:\/\/www.friendsjournal.org\/wp-content\/uploads\/2026\/08\/Gorby_2-1024x768.jpg\" alt=\"\" class=\"wp-image-3138980\" style=\"width:600px;height:auto\" srcset=\"https:\/\/www.friendsjournal.org\/wp-content\/uploads\/2026\/08\/Gorby_2-1024x768.jpg 1024w, https:\/\/www.friendsjournal.org\/wp-content\/uploads\/2026\/08\/Gorby_2-300x225.jpg 300w, https:\/\/www.friendsjournal.org\/wp-content\/uploads\/2026\/08\/Gorby_2-768x576.jpg 768w, https:\/\/www.friendsjournal.org\/wp-content\/uploads\/2026\/08\/Gorby_2-600x450.jpg 600w, https:\/\/www.friendsjournal.org\/wp-content\/uploads\/2026\/08\/Gorby_2.jpg 1200w\" sizes=\"auto, (max-width: 1024px) 100vw, 1024px\" \/><\/a><figcaption class=\"wp-element-caption\">El compositor Max Richter en el Cadogan Hall, Londres. 17 de septiembre de 2010. Foto del blog close to 94 en <em>commons.wikimedia.org<\/em>.  <\/figcaption><\/figure>\n\n<p class=\"has-drop-cap wp-block-paragraph\">\u00bfPor qu\u00e9 escribo esto mientras el mundo arde? La guerra global est\u00e1 alcanzando niveles no vistos desde la Segunda Guerra Mundial, y necesitar\u00e1 a \u00abmis hijos\u00bb. Alemania y Jap\u00f3n est\u00e1n reconstruyendo sus ej\u00e9rcitos y necesitar\u00e1n a \u00absus hijos\u00bb. \u00bfPor qu\u00e9 debo defender la objeci\u00f3n de conciencia y convencer a la gente buena de los males de la guerra y la violencia? \u00bfRealmente necesitan ver todos los cuerpos destrozados de los ni\u00f1os porque un ataque no fue lo suficientemente quir\u00fargico? \u00bfSer\u00e1n \u00abtus hijos\u00bb los que aprieten el gatillo, defiendan la acci\u00f3n o limpien el desastre? La violencia al acecho, acechando y controlando: \u00bfcu\u00e1ntas veces necesitamos o\u00edr la misma versi\u00f3n de la muerte y la guerra para comprender la crueldad y la inhumanidad?      <\/p>\n\n<p class=\"wp-block-paragraph\">\u00bfAyudar\u00eda si lo vi\u00e9ramos, si lo oli\u00e9ramos? \u00bfHuele como el nacimiento, excepto con las contribuciones m\u00e1s t\u00f3xicas del hombre: sudor, m\u2014, sangre, partes del cuerpo, explosiones, fuego, humo, toxinas sofocantes, radiaci\u00f3n ardiente, m\u00e1quinas que desgarran la carne, ruina? No se puede desinfectar ni limpiar como el nacimiento; es infeccioso. Se propaga y los trozos se quedan pegados en todas partes y en todo. Incluso un frotado suave libera m\u00e1s sangre. Mancha y contamina a todos los seres vivos. Se pudre.      <\/p>\n\n<p class=\"wp-block-paragraph\">\u00bfEs esta la claridad que buscabas? \u00bfSigues distra\u00eddo por lo que ocurre en nuestro mundo? \u00bfSigue siendo la pregunta m\u00e1s importante: cu\u00e1ndo son aceptables la muerte, la violencia, la guerra y la sangre? \u00bfCu\u00e1ndo sancionar\u00e1 la Luz el odio? La violencia es un c\u00edrculo vicioso; \u00bfd\u00f3nde estaremos en diez a\u00f1os, por no hablar de un siglo?    <\/p>\n\n<blockquote class=\"wp-block-quote is-layout-flow wp-block-quote-is-layout-flow\">\n<p class=\"wp-block-paragraph\">Guarda tu espada. Cualquiera que viva luchando, morir\u00e1 luchando. (Mateo 26:52 [CEV]).  <\/p>\n<\/blockquote>\n\n<p class=\"wp-block-paragraph\">Sigo intentando ser un buen padre, un buen maestro y un buen cu\u00e1quero y cristiano que sigue la Luz para combatir la oscuridad, y esta noche he aprendido algo personalmente profundo y he sentido la liberaci\u00f3n de otra cadena. Hay muchas m\u00e1s, algunas permanentes en la tierra para siempre. Habr\u00e1 una puerta que se abra, pero todav\u00eda no se saldr\u00e1 de la prisi\u00f3n.  <\/p>\n\n<blockquote class=\"wp-block-quote is-layout-flow wp-block-quote-is-layout-flow\">\n<p class=\"wp-block-paragraph\">Pedid y se os dar\u00e1; buscad y hallar\u00e9is; llamad y se os abrir\u00e1 la puerta. Porque todo el que pide, recibe; el que busca, halla; y al que llama, se le abrir\u00e1 la puerta. (Mateo 7:7\u20138, Nueva Versi\u00f3n Internacional [NVI]).  <\/p>\n<\/blockquote>\n\n<p class=\"has-text-align-center has-pure-white-color has-vivid-red-background-color has-text-color has-background has-link-color wp-elements-6 wp-block-paragraph\"><strong>Este es el momento de arriesgarse, buscar, luchar y contar nuestras historias no contadas. Explora esas habitaciones internas con devoci\u00f3n, en la b\u00fasqueda del fin de la guerra, la violencia y el sufrimiento. Hazte presente, o seguiremos adelante en la oscuridad. Habla un poco m\u00e1s alto; aumenta la cadencia; haz una invitaci\u00f3n y haz que la Luz brille m\u00e1s para que todos la vean.   <\/strong><\/p>\n\n<p class=\"has-drop-cap wp-block-paragraph\">Mis hijos mayores y yo vamos a ver actuar a Max Richter aqu\u00ed en Baltimore. Mientras me tomaba tiempo para aprender m\u00e1s sobre la actuaci\u00f3n (y me tomaba un descanso de otra ronda de ediciones en la <a href=\"https:\/\/stonyrunfriends.org\/co\/\">p\u00e1gina web sobre objeci\u00f3n de conciencia<\/a> de la Junta de Stony Run, en s\u00ed misma una obra m\u00edstica inspirada por la inquietud de un joven Amigo y el aliento de uno mayor, tanto Amigo como menonita), supe que <em>The Blue Notebooks<\/em> de Max Richter, el \u00e1lbum que acompa\u00f1\u00f3 a esa voz divina hace casi una d\u00e9cada y que me exigi\u00f3 ser un mejor padre, fue compuesto como un \u00e1lbum de protesta contra la guerra. Durante d\u00e9cadas he escuchado sin saberlo a Max Richter lamentar la guerra y la violencia y ahora mis hijos y yo podremos o\u00edrle \u00abcantar\u00bb sus lamentos en persona mientras una Luz por la paz arde innegablemente en mi interior de nuevo. Ser\u00e1 una velada de triste alabanza.   <\/p>\n\n<blockquote class=\"wp-block-quote is-layout-flow wp-block-quote-is-layout-flow\">\n<p class=\"wp-block-paragraph\">Porque no luchamos contra carne y sangre, sino contra principados, contra potestades, contra los gobernadores de las tinieblas de este siglo, contra huestes espirituales de maldad en las regiones celestes. (Efesios 6:12 [NKJV]). <\/p>\n<\/blockquote>\n\n<p class=\"wp-block-paragraph\">A veces otros pueden dar sentido a nuestro trabajo e identidad al escuchar una historia que necesita ser contada. En sus diarios, Franz Kafka, cuya obra inform\u00f3 <em>The Blue Notebooks<\/em> de Richter, escribe: \u00abCada uno lleva una habitaci\u00f3n dentro de s\u00ed. Este hecho puede incluso probarse mediante el sentido del o\u00eddo\u00bb. Hay habitaciones dentro de todos nosotros que exigen ser exploradas.  <\/p>\n\n<p class=\"wp-block-paragraph\">La Luz est\u00e1 escondida en cajones, alacenas y armarios. Se puso all\u00ed en la infancia y la juventud para ponerla a buen recaudo, a veces con prisa y p\u00e1nico, y luego se olvid\u00f3. \u00c1brelos todos. La Luz transversal iluminar\u00e1 otros escondites; \u00e1brelos ahora. Este es el momento de arriesgarse, buscar, luchar y contar nuestras historias no contadas. Explora esas habitaciones internas con devoci\u00f3n, en la b\u00fasqueda del fin de la guerra, la violencia y el sufrimiento. Hazte presente, o seguiremos adelante en la oscuridad. Habla un poco m\u00e1s alto; aumenta la cadencia; haz una invitaci\u00f3n y haz que la Luz brille m\u00e1s para que todos la vean.       <\/p>\n\n<blockquote class=\"wp-block-quote is-layout-flow wp-block-quote-is-layout-flow\">\n<p class=\"wp-block-paragraph\">Tampoco se enciende una vela y se pone debajo de un almud, sino sobre el candelero; y alumbra a todos los que est\u00e1n en casa. (Mateo 5:15, King James Version [KJV]). <\/p>\n<\/blockquote>\n\n<p class=\"wp-block-paragraph\">Todos estamos en la misma casa, siendo destruidos. Administremos la causa para abolir la guerra con el mismo celo con que se abolieron los males de la esclavitud. Debemos cantar nuestros lamentos juntos, al un\u00edsono por nuestros hijos, sus hijos y todos los hijos de Dios. Solo podemos salir juntos.   <\/p>\n\n<p class=\"wp-block-paragraph\"><\/p>\n","protected":false},"excerpt":{"rendered":"<p>Sobre la objeci\u00f3n de conciencia a un mundo de violencia.<\/p>\n","protected":false},"author":5090,"featured_media":3138987,"comment_status":"open","ping_status":"open","sticky":false,"template":"","format":"standard","meta":{"_acf_changed":false,"footnotes":""},"categories":[9799],"tags":[],"fpb_issue_category":[25335],"class_list":["post-3139330","post","type-post","status-publish","format-standard","has-post-thumbnail","hentry","category-cronicas","fpb_issue_category-el-pacifismo-y-el-testimonio-de-la-paz-hoy"],"yoast_head":"<!-- This site is optimized with the Yoast SEO plugin v28.3 - https:\/\/yoast.com\/product\/yoast-seo-wordpress\/ -->\n<title>Debemos cantar nuestros lamentos juntos - Friends Journal<\/title>\n<meta name=\"robots\" content=\"index, follow, max-snippet:-1, max-image-preview:large, max-video-preview:-1\" \/>\n<link rel=\"canonical\" href=\"https:\/\/www.friendsjournal.org\/es\/debemos-cantar-nuestros-lamentos-juntos\/\" \/>\n<meta property=\"og:locale\" content=\"es_ES\" \/>\n<meta property=\"og:type\" content=\"article\" \/>\n<meta property=\"og:title\" content=\"Debemos cantar nuestros lamentos juntos\" \/>\n<meta property=\"og:description\" content=\"Sobre la objeci\u00f3n de conciencia a un mundo de violencia.\" \/>\n<meta property=\"og:url\" content=\"https:\/\/www.friendsjournal.org\/es\/debemos-cantar-nuestros-lamentos-juntos\/\" \/>\n<meta property=\"og:site_name\" content=\"Friends Journal\" \/>\n<meta property=\"article:publisher\" content=\"https:\/\/www.facebook.com\/friendsjournal\/\" \/>\n<meta property=\"article:published_time\" content=\"2026-09-01T06:30:00+00:00\" \/>\n<meta property=\"article:modified_time\" content=\"2026-09-01T19:24:02+00:00\" \/>\n<meta property=\"og:image\" content=\"https:\/\/www.friendsjournal.org\/wp-content\/uploads\/2026\/08\/Gorby_features.jpg\" \/>\n\t<meta property=\"og:image:width\" content=\"1400\" \/>\n\t<meta property=\"og:image:height\" content=\"725\" \/>\n\t<meta property=\"og:image:type\" content=\"image\/jpeg\" \/>\n<meta name=\"author\" content=\"Friends Journal\" \/>\n<meta name=\"twitter:card\" content=\"summary_large_image\" \/>\n<meta name=\"twitter:creator\" content=\"@friendsournal\" \/>\n<meta name=\"twitter:site\" content=\"@friendsournal\" \/>\n<meta name=\"twitter:label1\" content=\"Written by\" \/>\n\t<meta name=\"twitter:data1\" content=\"Friends Journal\" \/>\n\t<meta name=\"twitter:label2\" content=\"Est. reading time\" \/>\n\t<meta name=\"twitter:data2\" content=\"13 minuto\" \/>\n<script type=\"application\/ld+json\" class=\"yoast-schema-graph\">{\"@context\":\"https:\\\/\\\/schema.org\",\"@graph\":[{\"@type\":\"Article\",\"@id\":\"https:\\\/\\\/www.friendsjournal.org\\\/es\\\/debemos-cantar-nuestros-lamentos-juntos\\\/#article\",\"isPartOf\":{\"@id\":\"https:\\\/\\\/www.friendsjournal.org\\\/es\\\/debemos-cantar-nuestros-lamentos-juntos\\\/\"},\"author\":{\"name\":\"Friends Journal\",\"@id\":\"https:\\\/\\\/www.friendsjournal.org\\\/es\\\/#\\\/schema\\\/person\\\/315ffb22a36ecbabdf5dbdc09d7d1eb7\"},\"headline\":\"Debemos cantar nuestros lamentos juntos\",\"datePublished\":\"2026-09-01T06:30:00+00:00\",\"dateModified\":\"2026-09-01T19:24:02+00:00\",\"mainEntityOfPage\":{\"@id\":\"https:\\\/\\\/www.friendsjournal.org\\\/es\\\/debemos-cantar-nuestros-lamentos-juntos\\\/\"},\"wordCount\":2567,\"commentCount\":0,\"publisher\":{\"@id\":\"https:\\\/\\\/www.friendsjournal.org\\\/es\\\/#organization\"},\"image\":{\"@id\":\"https:\\\/\\\/www.friendsjournal.org\\\/es\\\/debemos-cantar-nuestros-lamentos-juntos\\\/#primaryimage\"},\"thumbnailUrl\":\"https:\\\/\\\/www.friendsjournal.org\\\/wp-content\\\/uploads\\\/2026\\\/08\\\/Gorby_features.jpg\",\"articleSection\":[\"cr\u00f3nicas\"],\"inLanguage\":\"es\",\"potentialAction\":[{\"@type\":\"CommentAction\",\"name\":\"Comment\",\"target\":[\"https:\\\/\\\/www.friendsjournal.org\\\/es\\\/debemos-cantar-nuestros-lamentos-juntos\\\/#respond\"]}]},{\"@type\":\"WebPage\",\"@id\":\"https:\\\/\\\/www.friendsjournal.org\\\/es\\\/debemos-cantar-nuestros-lamentos-juntos\\\/\",\"url\":\"https:\\\/\\\/www.friendsjournal.org\\\/es\\\/debemos-cantar-nuestros-lamentos-juntos\\\/\",\"name\":\"Debemos cantar nuestros lamentos juntos - Friends Journal\",\"isPartOf\":{\"@id\":\"https:\\\/\\\/www.friendsjournal.org\\\/es\\\/#website\"},\"primaryImageOfPage\":{\"@id\":\"https:\\\/\\\/www.friendsjournal.org\\\/es\\\/debemos-cantar-nuestros-lamentos-juntos\\\/#primaryimage\"},\"image\":{\"@id\":\"https:\\\/\\\/www.friendsjournal.org\\\/es\\\/debemos-cantar-nuestros-lamentos-juntos\\\/#primaryimage\"},\"thumbnailUrl\":\"https:\\\/\\\/www.friendsjournal.org\\\/wp-content\\\/uploads\\\/2026\\\/08\\\/Gorby_features.jpg\",\"datePublished\":\"2026-09-01T06:30:00+00:00\",\"dateModified\":\"2026-09-01T19:24:02+00:00\",\"breadcrumb\":{\"@id\":\"https:\\\/\\\/www.friendsjournal.org\\\/es\\\/debemos-cantar-nuestros-lamentos-juntos\\\/#breadcrumb\"},\"inLanguage\":\"es\",\"potentialAction\":[{\"@type\":\"ReadAction\",\"target\":[\"https:\\\/\\\/www.friendsjournal.org\\\/es\\\/debemos-cantar-nuestros-lamentos-juntos\\\/\"]}]},{\"@type\":\"ImageObject\",\"inLanguage\":\"es\",\"@id\":\"https:\\\/\\\/www.friendsjournal.org\\\/es\\\/debemos-cantar-nuestros-lamentos-juntos\\\/#primaryimage\",\"url\":\"https:\\\/\\\/www.friendsjournal.org\\\/wp-content\\\/uploads\\\/2026\\\/08\\\/Gorby_features.jpg\",\"contentUrl\":\"https:\\\/\\\/www.friendsjournal.org\\\/wp-content\\\/uploads\\\/2026\\\/08\\\/Gorby_features.jpg\",\"width\":1400,\"height\":725,\"caption\":\"Foto de gangiskhan\"},{\"@type\":\"BreadcrumbList\",\"@id\":\"https:\\\/\\\/www.friendsjournal.org\\\/es\\\/debemos-cantar-nuestros-lamentos-juntos\\\/#breadcrumb\",\"itemListElement\":[{\"@type\":\"ListItem\",\"position\":1,\"name\":\"Home\",\"item\":\"https:\\\/\\\/www.friendsjournal.org\\\/es\\\/inicio\\\/\"},{\"@type\":\"ListItem\",\"position\":2,\"name\":\"Debemos cantar nuestros lamentos juntos\"}]},{\"@type\":\"WebSite\",\"@id\":\"https:\\\/\\\/www.friendsjournal.org\\\/es\\\/#website\",\"url\":\"https:\\\/\\\/www.friendsjournal.org\\\/es\\\/\",\"name\":\"Friends Journal\",\"description\":\"Comunicar la experiencia cu\u00e1quera para conectar y profundizar en la vida espiritual\",\"publisher\":{\"@id\":\"https:\\\/\\\/www.friendsjournal.org\\\/es\\\/#organization\"},\"potentialAction\":[{\"@type\":\"SearchAction\",\"target\":{\"@type\":\"EntryPoint\",\"urlTemplate\":\"https:\\\/\\\/www.friendsjournal.org\\\/es\\\/?s={search_term_string}\"},\"query-input\":{\"@type\":\"PropertyValueSpecification\",\"valueRequired\":true,\"valueName\":\"search_term_string\"}}],\"inLanguage\":\"es\"},{\"@type\":\"Organization\",\"@id\":\"https:\\\/\\\/www.friendsjournal.org\\\/es\\\/#organization\",\"name\":\"Friends Journal\",\"url\":\"https:\\\/\\\/www.friendsjournal.org\\\/es\\\/\",\"logo\":{\"@type\":\"ImageObject\",\"inLanguage\":\"es\",\"@id\":\"https:\\\/\\\/www.friendsjournal.org\\\/es\\\/#\\\/schema\\\/logo\\\/image\\\/\",\"url\":\"https:\\\/\\\/www.friendsjournal.org\\\/wp-content\\\/uploads\\\/2025\\\/08\\\/fj-logo-white.png\",\"contentUrl\":\"https:\\\/\\\/www.friendsjournal.org\\\/wp-content\\\/uploads\\\/2025\\\/08\\\/fj-logo-white.png\",\"width\":617,\"height\":74,\"caption\":\"Friends Journal\"},\"image\":{\"@id\":\"https:\\\/\\\/www.friendsjournal.org\\\/es\\\/#\\\/schema\\\/logo\\\/image\\\/\"},\"sameAs\":[\"https:\\\/\\\/www.facebook.com\\\/friendsjournal\\\/\",\"https:\\\/\\\/x.com\\\/friendsournal\",\"https:\\\/\\\/instagram.com\\\/friendsjournal\",\"https:\\\/\\\/www.linkedin.com\\\/company\\\/3154709\",\"https:\\\/\\\/www.youtube.com\\\/user\\\/friendsjournal\"]},{\"@type\":\"Person\",\"@id\":\"https:\\\/\\\/www.friendsjournal.org\\\/es\\\/#\\\/schema\\\/person\\\/315ffb22a36ecbabdf5dbdc09d7d1eb7\",\"name\":\"Friends Journal\",\"image\":{\"@type\":\"ImageObject\",\"inLanguage\":\"es\",\"@id\":\"https:\\\/\\\/secure.gravatar.com\\\/avatar\\\/d068a76f0e4cdb5e89a047c27adb947f34ce284fc0a7d0bf77b0eb450771ae46?s=96&d=mm&r=g\",\"url\":\"https:\\\/\\\/secure.gravatar.com\\\/avatar\\\/d068a76f0e4cdb5e89a047c27adb947f34ce284fc0a7d0bf77b0eb450771ae46?s=96&d=mm&r=g\",\"contentUrl\":\"https:\\\/\\\/secure.gravatar.com\\\/avatar\\\/d068a76f0e4cdb5e89a047c27adb947f34ce284fc0a7d0bf77b0eb450771ae46?s=96&d=mm&r=g\",\"caption\":\"Friends Journal\"},\"url\":\"https:\\\/\\\/www.friendsjournal.org\\\/es\\\/author\\\/alla-podolsky\\\/\"}]}<\/script>\n<!-- \/ Yoast SEO plugin. -->","yoast_head_json":{"title":"Debemos cantar nuestros lamentos juntos - Friends Journal","robots":{"index":"index","follow":"follow","max-snippet":"max-snippet:-1","max-image-preview":"max-image-preview:large","max-video-preview":"max-video-preview:-1"},"canonical":"https:\/\/www.friendsjournal.org\/es\/debemos-cantar-nuestros-lamentos-juntos\/","og_locale":"es_ES","og_type":"article","og_title":"Debemos cantar nuestros lamentos juntos","og_description":"Sobre la objeci\u00f3n de conciencia a un mundo de violencia.","og_url":"https:\/\/www.friendsjournal.org\/es\/debemos-cantar-nuestros-lamentos-juntos\/","og_site_name":"Friends Journal","article_publisher":"https:\/\/www.facebook.com\/friendsjournal\/","article_published_time":"2026-09-01T06:30:00+00:00","article_modified_time":"2026-09-01T19:24:02+00:00","og_image":[{"width":1400,"height":725,"url":"https:\/\/www.friendsjournal.org\/wp-content\/uploads\/2026\/08\/Gorby_features.jpg","type":"image\/jpeg"}],"author":"Friends Journal","twitter_card":"summary_large_image","twitter_creator":"@friendsournal","twitter_site":"@friendsournal","twitter_misc":{"Written by":"Friends Journal","Est. reading time":"13 minuto"},"schema":{"@context":"https:\/\/schema.org","@graph":[{"@type":"Article","@id":"https:\/\/www.friendsjournal.org\/es\/debemos-cantar-nuestros-lamentos-juntos\/#article","isPartOf":{"@id":"https:\/\/www.friendsjournal.org\/es\/debemos-cantar-nuestros-lamentos-juntos\/"},"author":{"name":"Friends Journal","@id":"https:\/\/www.friendsjournal.org\/es\/#\/schema\/person\/315ffb22a36ecbabdf5dbdc09d7d1eb7"},"headline":"Debemos cantar nuestros lamentos juntos","datePublished":"2026-09-01T06:30:00+00:00","dateModified":"2026-09-01T19:24:02+00:00","mainEntityOfPage":{"@id":"https:\/\/www.friendsjournal.org\/es\/debemos-cantar-nuestros-lamentos-juntos\/"},"wordCount":2567,"commentCount":0,"publisher":{"@id":"https:\/\/www.friendsjournal.org\/es\/#organization"},"image":{"@id":"https:\/\/www.friendsjournal.org\/es\/debemos-cantar-nuestros-lamentos-juntos\/#primaryimage"},"thumbnailUrl":"https:\/\/www.friendsjournal.org\/wp-content\/uploads\/2026\/08\/Gorby_features.jpg","articleSection":["cr\u00f3nicas"],"inLanguage":"es","potentialAction":[{"@type":"CommentAction","name":"Comment","target":["https:\/\/www.friendsjournal.org\/es\/debemos-cantar-nuestros-lamentos-juntos\/#respond"]}]},{"@type":"WebPage","@id":"https:\/\/www.friendsjournal.org\/es\/debemos-cantar-nuestros-lamentos-juntos\/","url":"https:\/\/www.friendsjournal.org\/es\/debemos-cantar-nuestros-lamentos-juntos\/","name":"Debemos cantar nuestros lamentos juntos - Friends Journal","isPartOf":{"@id":"https:\/\/www.friendsjournal.org\/es\/#website"},"primaryImageOfPage":{"@id":"https:\/\/www.friendsjournal.org\/es\/debemos-cantar-nuestros-lamentos-juntos\/#primaryimage"},"image":{"@id":"https:\/\/www.friendsjournal.org\/es\/debemos-cantar-nuestros-lamentos-juntos\/#primaryimage"},"thumbnailUrl":"https:\/\/www.friendsjournal.org\/wp-content\/uploads\/2026\/08\/Gorby_features.jpg","datePublished":"2026-09-01T06:30:00+00:00","dateModified":"2026-09-01T19:24:02+00:00","breadcrumb":{"@id":"https:\/\/www.friendsjournal.org\/es\/debemos-cantar-nuestros-lamentos-juntos\/#breadcrumb"},"inLanguage":"es","potentialAction":[{"@type":"ReadAction","target":["https:\/\/www.friendsjournal.org\/es\/debemos-cantar-nuestros-lamentos-juntos\/"]}]},{"@type":"ImageObject","inLanguage":"es","@id":"https:\/\/www.friendsjournal.org\/es\/debemos-cantar-nuestros-lamentos-juntos\/#primaryimage","url":"https:\/\/www.friendsjournal.org\/wp-content\/uploads\/2026\/08\/Gorby_features.jpg","contentUrl":"https:\/\/www.friendsjournal.org\/wp-content\/uploads\/2026\/08\/Gorby_features.jpg","width":1400,"height":725,"caption":"Foto de gangiskhan"},{"@type":"BreadcrumbList","@id":"https:\/\/www.friendsjournal.org\/es\/debemos-cantar-nuestros-lamentos-juntos\/#breadcrumb","itemListElement":[{"@type":"ListItem","position":1,"name":"Home","item":"https:\/\/www.friendsjournal.org\/es\/inicio\/"},{"@type":"ListItem","position":2,"name":"Debemos cantar nuestros lamentos juntos"}]},{"@type":"WebSite","@id":"https:\/\/www.friendsjournal.org\/es\/#website","url":"https:\/\/www.friendsjournal.org\/es\/","name":"Friends Journal","description":"Comunicar la experiencia cu\u00e1quera para conectar y profundizar en la vida espiritual","publisher":{"@id":"https:\/\/www.friendsjournal.org\/es\/#organization"},"potentialAction":[{"@type":"SearchAction","target":{"@type":"EntryPoint","urlTemplate":"https:\/\/www.friendsjournal.org\/es\/?s={search_term_string}"},"query-input":{"@type":"PropertyValueSpecification","valueRequired":true,"valueName":"search_term_string"}}],"inLanguage":"es"},{"@type":"Organization","@id":"https:\/\/www.friendsjournal.org\/es\/#organization","name":"Friends Journal","url":"https:\/\/www.friendsjournal.org\/es\/","logo":{"@type":"ImageObject","inLanguage":"es","@id":"https:\/\/www.friendsjournal.org\/es\/#\/schema\/logo\/image\/","url":"https:\/\/www.friendsjournal.org\/wp-content\/uploads\/2025\/08\/fj-logo-white.png","contentUrl":"https:\/\/www.friendsjournal.org\/wp-content\/uploads\/2025\/08\/fj-logo-white.png","width":617,"height":74,"caption":"Friends Journal"},"image":{"@id":"https:\/\/www.friendsjournal.org\/es\/#\/schema\/logo\/image\/"},"sameAs":["https:\/\/www.facebook.com\/friendsjournal\/","https:\/\/x.com\/friendsournal","https:\/\/instagram.com\/friendsjournal","https:\/\/www.linkedin.com\/company\/3154709","https:\/\/www.youtube.com\/user\/friendsjournal"]},{"@type":"Person","@id":"https:\/\/www.friendsjournal.org\/es\/#\/schema\/person\/315ffb22a36ecbabdf5dbdc09d7d1eb7","name":"Friends Journal","image":{"@type":"ImageObject","inLanguage":"es","@id":"https:\/\/secure.gravatar.com\/avatar\/d068a76f0e4cdb5e89a047c27adb947f34ce284fc0a7d0bf77b0eb450771ae46?s=96&d=mm&r=g","url":"https:\/\/secure.gravatar.com\/avatar\/d068a76f0e4cdb5e89a047c27adb947f34ce284fc0a7d0bf77b0eb450771ae46?s=96&d=mm&r=g","contentUrl":"https:\/\/secure.gravatar.com\/avatar\/d068a76f0e4cdb5e89a047c27adb947f34ce284fc0a7d0bf77b0eb450771ae46?s=96&d=mm&r=g","caption":"Friends Journal"},"url":"https:\/\/www.friendsjournal.org\/es\/author\/alla-podolsky\/"}]}},"distributor_meta":false,"distributor_terms":false,"distributor_media":false,"distributor_original_site_name":"Friends Journal","distributor_original_site_url":"https:\/\/www.friendsjournal.org\/es\/","push-errors":false,"acf":{"author_name":"Andrew Gorby","bio":"<p>Andrew Gorby es miembro de la Junta de Stony Run en Baltimore, Maryland, y objetor de conciencia licenciado del ej\u00e9rcito. Andrew ha ense\u00f1ado durante 18 a\u00f1os en las escuelas p\u00fablicas de la ciudad de Baltimore y forma parte de la junta de la Friends School de Baltimore y de la Miles White Beneficial Society. Proviene de una familia de agricultores cu\u00e1queros y de m\u00e1s de tres siglos de testimonio cu\u00e1quero.  <\/p>\n"},"_links":{"self":[{"href":"https:\/\/www.friendsjournal.org\/es\/wp-json\/wp\/v2\/posts\/3139330","targetHints":{"allow":["GET"]}}],"collection":[{"href":"https:\/\/www.friendsjournal.org\/es\/wp-json\/wp\/v2\/posts"}],"about":[{"href":"https:\/\/www.friendsjournal.org\/es\/wp-json\/wp\/v2\/types\/post"}],"author":[{"embeddable":true,"href":"https:\/\/www.friendsjournal.org\/es\/wp-json\/wp\/v2\/users\/5090"}],"replies":[{"embeddable":true,"href":"https:\/\/www.friendsjournal.org\/es\/wp-json\/wp\/v2\/comments?post=3139330"}],"version-history":[{"count":1,"href":"https:\/\/www.friendsjournal.org\/es\/wp-json\/wp\/v2\/posts\/3139330\/revisions"}],"predecessor-version":[{"id":3139331,"href":"https:\/\/www.friendsjournal.org\/es\/wp-json\/wp\/v2\/posts\/3139330\/revisions\/3139331"}],"wp:featuredmedia":[{"embeddable":true,"href":"https:\/\/www.friendsjournal.org\/es\/wp-json\/wp\/v2\/media\/3138987"}],"wp:attachment":[{"href":"https:\/\/www.friendsjournal.org\/es\/wp-json\/wp\/v2\/media?parent=3139330"}],"wp:term":[{"taxonomy":"category","embeddable":true,"href":"https:\/\/www.friendsjournal.org\/es\/wp-json\/wp\/v2\/categories?post=3139330"},{"taxonomy":"post_tag","embeddable":true,"href":"https:\/\/www.friendsjournal.org\/es\/wp-json\/wp\/v2\/tags?post=3139330"},{"taxonomy":"fpb_issue_category","embeddable":true,"href":"https:\/\/www.friendsjournal.org\/es\/wp-json\/wp\/v2\/fpb_issue_category?post=3139330"}],"curies":[{"name":"wp","href":"https:\/\/api.w.org\/{rel}","templated":true}]}}